{"id":4046,"date":"2019-08-21T11:09:40","date_gmt":"2019-08-21T09:09:40","guid":{"rendered":"https:\/\/www.clossaintsozy.com\/este-ano-para-festejar-su-20o-aniversario-clos-saint-sozy-cambia-de-imagen\/"},"modified":"2019-08-21T11:09:53","modified_gmt":"2019-08-21T09:09:53","slug":"este-ano-para-festejar-su-20o-aniversario-clos-saint-sozy-cambia-de-imagen","status":"publish","type":"post","link":"https:\/\/www.clossaintsozy.com\/es\/este-ano-para-festejar-su-20o-aniversario-clos-saint-sozy-cambia-de-imagen\/","title":{"rendered":"Este a\u00f1o, para festejar su 20\u00ba aniversario, Clos Saint Sozy cambia de imagen."},"content":{"rendered":"<h2>Nuestra marca nos presenta un grafismo completamente nuevo.<\/h2>\n<p><img fetchpriority=\"high\" decoding=\"async\" class=\"alignleft size-medium wp-image-3855\" src=\"https:\/\/www.clossaintsozy.com\/wp-content\/uploads\/2019\/05\/refonte-de-la-marque-CSS-2-300x176.jpg\" alt=\"\" width=\"300\" height=\"176\" srcset=\"https:\/\/www.clossaintsozy.com\/wp-content\/uploads\/2019\/05\/refonte-de-la-marque-CSS-2-300x176.jpg 300w, https:\/\/www.clossaintsozy.com\/wp-content\/uploads\/2019\/05\/refonte-de-la-marque-CSS-2-768x451.jpg 768w, https:\/\/www.clossaintsozy.com\/wp-content\/uploads\/2019\/05\/refonte-de-la-marque-CSS-2-700x411.jpg 700w, https:\/\/www.clossaintsozy.com\/wp-content\/uploads\/2019\/05\/refonte-de-la-marque-CSS-2.jpg 823w\" sizes=\"(max-width: 300px) 100vw, 300px\" \/><img decoding=\"async\" class=\"alignleft size-medium wp-image-3856\" src=\"https:\/\/www.clossaintsozy.com\/wp-content\/uploads\/2019\/05\/refonte-de-la-marque-CSS-300x158.jpg\" alt=\"\" width=\"300\" height=\"158\" srcset=\"https:\/\/www.clossaintsozy.com\/wp-content\/uploads\/2019\/05\/refonte-de-la-marque-CSS-300x158.jpg 300w, https:\/\/www.clossaintsozy.com\/wp-content\/uploads\/2019\/05\/refonte-de-la-marque-CSS-768x404.jpg 768w, https:\/\/www.clossaintsozy.com\/wp-content\/uploads\/2019\/05\/refonte-de-la-marque-CSS-1024x538.jpg 1024w, https:\/\/www.clossaintsozy.com\/wp-content\/uploads\/2019\/05\/refonte-de-la-marque-CSS-700x368.jpg 700w, https:\/\/www.clossaintsozy.com\/wp-content\/uploads\/2019\/05\/refonte-de-la-marque-CSS.jpg 1134w\" sizes=\"(max-width: 300px) 100vw, 300px\" \/>A modo de an\u00e9cdota, nuestra empresa La Quercynoise fue fundada en 1975. Entonces nace del deseo de los agricultores de compartir sus experiencias para ofrecer productos de calidad. En 1999, se cre\u00f3 la marca Clos Saint Sozy para ser identificada y reconocida por los consumidores. En efecto, el nombre de la marca proviene del pueblo de Saint Sozy, situado en el departamento del Lot y que es cuna del pato de engorde. <\/p>\n<p>Quer\u00edamos una imagen m\u00e1s moderna que pusiera de relieve nuestro compromiso con el grupo de productores, con el fin de destacar el origen de nuestra marca.<\/p>\n<p>Estrenamos un nuevo sitio web y muchos nuevos productos para descubrir en \u00e9l. Tenemos tambi\u00e9n algunas sorpresas para la temporada de fin de a\u00f1o. Este a\u00f1o simb\u00f3lico representa tambi\u00e9n la fidelidad de nuestros clientes y la confianza que depositan en nosotros cada d\u00eda. \u00a1Estamos orgullosos del camino que hemos recorrido juntos durante estos 20 a\u00f1os con Clos Saint Sozy y esperamos seguir haci\u00e9ndolo durante otros tantos!<\/p>\n<p>&nbsp;<\/p>\n<p>&nbsp;<\/p>\n<p>&nbsp;<\/p>\n","protected":false},"excerpt":{"rendered":"<p>Nuestra marca nos presenta un grafismo completamente nuevo. A modo de an\u00e9cdota, nuestra empresa La Quercynoise fue fundada en 1975. Entonces nace del deseo de los agricultores de compartir sus experiencias para ofrecer productos de calidad. En 1999, se cre\u00f3 la marca Clos Saint Sozy&#8230;<\/p>\n","protected":false},"author":1,"featured_media":4048,"comment_status":"closed","ping_status":"open","sticky":false,"template":"","format":"standard","meta":{"_acf_changed":false,"footnotes":""},"categories":[24],"tags":[],"class_list":["post-4046","post","type-post","status-publish","format-standard","has-post-thumbnail","hentry","category-sin-categorizar"],"acf":[],"yoast_head":"<!-- This site is optimized with the Yoast SEO plugin v26.8 - https:\/\/yoast.com\/product\/yoast-seo-wordpress\/ -->\n<title>Este a\u00f1o, para festejar su 20\u00ba aniversario, Clos Saint Sozy cambia de imagen. - Clos Saint Sozy<\/title>\n<meta name=\"robots\" content=\"index, follow, max-snippet:-1, max-image-preview:large, max-video-preview:-1\" \/>\n<link rel=\"canonical\" href=\"https:\/\/www.clossaintsozy.com\/es\/este-ano-para-festejar-su-20o-aniversario-clos-saint-sozy-cambia-de-imagen\/\" \/>\n<meta property=\"og:locale\" content=\"es_ES\" \/>\n<meta property=\"og:type\" content=\"article\" \/>\n<meta property=\"og:title\" content=\"Este a\u00f1o, para festejar su 20\u00ba aniversario, Clos Saint Sozy cambia de imagen. - Clos Saint Sozy\" \/>\n<meta property=\"og:description\" content=\"Nuestra marca nos presenta un grafismo completamente nuevo. A modo de an\u00e9cdota, nuestra empresa La Quercynoise fue fundada en 1975. Entonces nace del deseo de los agricultores de compartir sus experiencias para ofrecer productos de calidad. En 1999, se cre\u00f3 la marca Clos Saint Sozy...\" \/>\n<meta property=\"og:url\" content=\"https:\/\/www.clossaintsozy.com\/es\/este-ano-para-festejar-su-20o-aniversario-clos-saint-sozy-cambia-de-imagen\/\" \/>\n<meta property=\"og:site_name\" content=\"Clos Saint Sozy\" \/>\n<meta property=\"article:published_time\" content=\"2019-08-21T09:09:40+00:00\" \/>\n<meta property=\"article:modified_time\" content=\"2019-08-21T09:09:53+00:00\" \/>\n<meta property=\"og:image\" content=\"https:\/\/www.clossaintsozy.com\/wp-content\/uploads\/2019\/05\/refonte-de-la-marque-CSS.jpg\" \/>\n\t<meta property=\"og:image:width\" content=\"1134\" \/>\n\t<meta property=\"og:image:height\" content=\"596\" \/>\n\t<meta property=\"og:image:type\" content=\"image\/jpeg\" \/>\n<meta name=\"author\" content=\"pixbulle\" \/>\n<meta name=\"twitter:card\" content=\"summary_large_image\" \/>\n<meta name=\"twitter:label1\" content=\"Escrito por\" \/>\n\t<meta name=\"twitter:data1\" content=\"pixbulle\" \/>\n\t<meta name=\"twitter:label2\" content=\"Tiempo de lectura\" \/>\n\t<meta name=\"twitter:data2\" content=\"1 minuto\" \/>\n<script type=\"application\/ld+json\" class=\"yoast-schema-graph\">{\"@context\":\"https:\/\/schema.org\",\"@graph\":[{\"@type\":\"Article\",\"@id\":\"https:\/\/www.clossaintsozy.com\/es\/este-ano-para-festejar-su-20o-aniversario-clos-saint-sozy-cambia-de-imagen\/#article\",\"isPartOf\":{\"@id\":\"https:\/\/www.clossaintsozy.com\/es\/este-ano-para-festejar-su-20o-aniversario-clos-saint-sozy-cambia-de-imagen\/\"},\"author\":{\"name\":\"pixbulle\",\"@id\":\"https:\/\/www.clossaintsozy.com\/es\/#\/schema\/person\/1fa839f9b75bc7bea1d4bd25269ad3bc\"},\"headline\":\"Este a\u00f1o, para festejar su 20\u00ba aniversario, Clos Saint Sozy cambia de imagen.\",\"datePublished\":\"2019-08-21T09:09:40+00:00\",\"dateModified\":\"2019-08-21T09:09:53+00:00\",\"mainEntityOfPage\":{\"@id\":\"https:\/\/www.clossaintsozy.com\/es\/este-ano-para-festejar-su-20o-aniversario-clos-saint-sozy-cambia-de-imagen\/\"},\"wordCount\":196,\"image\":{\"@id\":\"https:\/\/www.clossaintsozy.com\/es\/este-ano-para-festejar-su-20o-aniversario-clos-saint-sozy-cambia-de-imagen\/#primaryimage\"},\"thumbnailUrl\":\"https:\/\/www.clossaintsozy.com\/wp-content\/uploads\/2019\/05\/refonte-de-la-marque-CSS.jpg\",\"articleSection\":[\"Sin categorizar\"],\"inLanguage\":\"es\"},{\"@type\":\"WebPage\",\"@id\":\"https:\/\/www.clossaintsozy.com\/es\/este-ano-para-festejar-su-20o-aniversario-clos-saint-sozy-cambia-de-imagen\/\",\"url\":\"https:\/\/www.clossaintsozy.com\/es\/este-ano-para-festejar-su-20o-aniversario-clos-saint-sozy-cambia-de-imagen\/\",\"name\":\"Este a\u00f1o, para festejar su 20\u00ba aniversario, Clos Saint Sozy cambia de imagen. - Clos Saint Sozy\",\"isPartOf\":{\"@id\":\"https:\/\/www.clossaintsozy.com\/es\/#website\"},\"primaryImageOfPage\":{\"@id\":\"https:\/\/www.clossaintsozy.com\/es\/este-ano-para-festejar-su-20o-aniversario-clos-saint-sozy-cambia-de-imagen\/#primaryimage\"},\"image\":{\"@id\":\"https:\/\/www.clossaintsozy.com\/es\/este-ano-para-festejar-su-20o-aniversario-clos-saint-sozy-cambia-de-imagen\/#primaryimage\"},\"thumbnailUrl\":\"https:\/\/www.clossaintsozy.com\/wp-content\/uploads\/2019\/05\/refonte-de-la-marque-CSS.jpg\",\"datePublished\":\"2019-08-21T09:09:40+00:00\",\"dateModified\":\"2019-08-21T09:09:53+00:00\",\"author\":{\"@id\":\"https:\/\/www.clossaintsozy.com\/es\/#\/schema\/person\/1fa839f9b75bc7bea1d4bd25269ad3bc\"},\"breadcrumb\":{\"@id\":\"https:\/\/www.clossaintsozy.com\/es\/este-ano-para-festejar-su-20o-aniversario-clos-saint-sozy-cambia-de-imagen\/#breadcrumb\"},\"inLanguage\":\"es\",\"potentialAction\":[{\"@type\":\"ReadAction\",\"target\":[\"https:\/\/www.clossaintsozy.com\/es\/este-ano-para-festejar-su-20o-aniversario-clos-saint-sozy-cambia-de-imagen\/\"]}]},{\"@type\":\"ImageObject\",\"inLanguage\":\"es\",\"@id\":\"https:\/\/www.clossaintsozy.com\/es\/este-ano-para-festejar-su-20o-aniversario-clos-saint-sozy-cambia-de-imagen\/#primaryimage\",\"url\":\"https:\/\/www.clossaintsozy.com\/wp-content\/uploads\/2019\/05\/refonte-de-la-marque-CSS.jpg\",\"contentUrl\":\"https:\/\/www.clossaintsozy.com\/wp-content\/uploads\/2019\/05\/refonte-de-la-marque-CSS.jpg\",\"width\":1134,\"height\":596},{\"@type\":\"BreadcrumbList\",\"@id\":\"https:\/\/www.clossaintsozy.com\/es\/este-ano-para-festejar-su-20o-aniversario-clos-saint-sozy-cambia-de-imagen\/#breadcrumb\",\"itemListElement\":[{\"@type\":\"ListItem\",\"position\":1,\"name\":\"Accueil\",\"item\":\"https:\/\/www.clossaintsozy.com\/es\/\"},{\"@type\":\"ListItem\",\"position\":2,\"name\":\"Este a\u00f1o, para festejar su 20\u00ba aniversario, Clos Saint Sozy cambia de imagen.\"}]},{\"@type\":\"WebSite\",\"@id\":\"https:\/\/www.clossaintsozy.com\/es\/#website\",\"url\":\"https:\/\/www.clossaintsozy.com\/es\/\",\"name\":\"Clos Saint Sozy\",\"description\":\"\",\"potentialAction\":[{\"@type\":\"SearchAction\",\"target\":{\"@type\":\"EntryPoint\",\"urlTemplate\":\"https:\/\/www.clossaintsozy.com\/es\/?s={search_term_string}\"},\"query-input\":{\"@type\":\"PropertyValueSpecification\",\"valueRequired\":true,\"valueName\":\"search_term_string\"}}],\"inLanguage\":\"es\"},{\"@type\":\"Person\",\"@id\":\"https:\/\/www.clossaintsozy.com\/es\/#\/schema\/person\/1fa839f9b75bc7bea1d4bd25269ad3bc\",\"name\":\"pixbulle\",\"image\":{\"@type\":\"ImageObject\",\"inLanguage\":\"es\",\"@id\":\"https:\/\/www.clossaintsozy.com\/es\/#\/schema\/person\/image\/\",\"url\":\"https:\/\/secure.gravatar.com\/avatar\/6dac89db4378210f5b7bff64bd095cb2e98ba21a7969446e18fc1c6a6e77d9eb?s=96&d=mm&r=g\",\"contentUrl\":\"https:\/\/secure.gravatar.com\/avatar\/6dac89db4378210f5b7bff64bd095cb2e98ba21a7969446e18fc1c6a6e77d9eb?s=96&d=mm&r=g\",\"caption\":\"pixbulle\"},\"url\":\"https:\/\/www.clossaintsozy.com\/es\/author\/pixbulle\/\"}]}<\/script>\n<!-- \/ Yoast SEO plugin. -->","yoast_head_json":{"title":"Este a\u00f1o, para festejar su 20\u00ba aniversario, Clos Saint Sozy cambia de imagen. - Clos Saint Sozy","robots":{"index":"index","follow":"follow","max-snippet":"max-snippet:-1","max-image-preview":"max-image-preview:large","max-video-preview":"max-video-preview:-1"},"canonical":"https:\/\/www.clossaintsozy.com\/es\/este-ano-para-festejar-su-20o-aniversario-clos-saint-sozy-cambia-de-imagen\/","og_locale":"es_ES","og_type":"article","og_title":"Este a\u00f1o, para festejar su 20\u00ba aniversario, Clos Saint Sozy cambia de imagen. - Clos Saint Sozy","og_description":"Nuestra marca nos presenta un grafismo completamente nuevo. A modo de an\u00e9cdota, nuestra empresa La Quercynoise fue fundada en 1975. Entonces nace del deseo de los agricultores de compartir sus experiencias para ofrecer productos de calidad. En 1999, se cre\u00f3 la marca Clos Saint Sozy...","og_url":"https:\/\/www.clossaintsozy.com\/es\/este-ano-para-festejar-su-20o-aniversario-clos-saint-sozy-cambia-de-imagen\/","og_site_name":"Clos Saint Sozy","article_published_time":"2019-08-21T09:09:40+00:00","article_modified_time":"2019-08-21T09:09:53+00:00","og_image":[{"width":1134,"height":596,"url":"https:\/\/www.clossaintsozy.com\/wp-content\/uploads\/2019\/05\/refonte-de-la-marque-CSS.jpg","type":"image\/jpeg"}],"author":"pixbulle","twitter_card":"summary_large_image","twitter_misc":{"Escrito por":"pixbulle","Tiempo de lectura":"1 minuto"},"schema":{"@context":"https:\/\/schema.org","@graph":[{"@type":"Article","@id":"https:\/\/www.clossaintsozy.com\/es\/este-ano-para-festejar-su-20o-aniversario-clos-saint-sozy-cambia-de-imagen\/#article","isPartOf":{"@id":"https:\/\/www.clossaintsozy.com\/es\/este-ano-para-festejar-su-20o-aniversario-clos-saint-sozy-cambia-de-imagen\/"},"author":{"name":"pixbulle","@id":"https:\/\/www.clossaintsozy.com\/es\/#\/schema\/person\/1fa839f9b75bc7bea1d4bd25269ad3bc"},"headline":"Este a\u00f1o, para festejar su 20\u00ba aniversario, Clos Saint Sozy cambia de imagen.","datePublished":"2019-08-21T09:09:40+00:00","dateModified":"2019-08-21T09:09:53+00:00","mainEntityOfPage":{"@id":"https:\/\/www.clossaintsozy.com\/es\/este-ano-para-festejar-su-20o-aniversario-clos-saint-sozy-cambia-de-imagen\/"},"wordCount":196,"image":{"@id":"https:\/\/www.clossaintsozy.com\/es\/este-ano-para-festejar-su-20o-aniversario-clos-saint-sozy-cambia-de-imagen\/#primaryimage"},"thumbnailUrl":"https:\/\/www.clossaintsozy.com\/wp-content\/uploads\/2019\/05\/refonte-de-la-marque-CSS.jpg","articleSection":["Sin categorizar"],"inLanguage":"es"},{"@type":"WebPage","@id":"https:\/\/www.clossaintsozy.com\/es\/este-ano-para-festejar-su-20o-aniversario-clos-saint-sozy-cambia-de-imagen\/","url":"https:\/\/www.clossaintsozy.com\/es\/este-ano-para-festejar-su-20o-aniversario-clos-saint-sozy-cambia-de-imagen\/","name":"Este a\u00f1o, para festejar su 20\u00ba aniversario, Clos Saint Sozy cambia de imagen. - Clos Saint Sozy","isPartOf":{"@id":"https:\/\/www.clossaintsozy.com\/es\/#website"},"primaryImageOfPage":{"@id":"https:\/\/www.clossaintsozy.com\/es\/este-ano-para-festejar-su-20o-aniversario-clos-saint-sozy-cambia-de-imagen\/#primaryimage"},"image":{"@id":"https:\/\/www.clossaintsozy.com\/es\/este-ano-para-festejar-su-20o-aniversario-clos-saint-sozy-cambia-de-imagen\/#primaryimage"},"thumbnailUrl":"https:\/\/www.clossaintsozy.com\/wp-content\/uploads\/2019\/05\/refonte-de-la-marque-CSS.jpg","datePublished":"2019-08-21T09:09:40+00:00","dateModified":"2019-08-21T09:09:53+00:00","author":{"@id":"https:\/\/www.clossaintsozy.com\/es\/#\/schema\/person\/1fa839f9b75bc7bea1d4bd25269ad3bc"},"breadcrumb":{"@id":"https:\/\/www.clossaintsozy.com\/es\/este-ano-para-festejar-su-20o-aniversario-clos-saint-sozy-cambia-de-imagen\/#breadcrumb"},"inLanguage":"es","potentialAction":[{"@type":"ReadAction","target":["https:\/\/www.clossaintsozy.com\/es\/este-ano-para-festejar-su-20o-aniversario-clos-saint-sozy-cambia-de-imagen\/"]}]},{"@type":"ImageObject","inLanguage":"es","@id":"https:\/\/www.clossaintsozy.com\/es\/este-ano-para-festejar-su-20o-aniversario-clos-saint-sozy-cambia-de-imagen\/#primaryimage","url":"https:\/\/www.clossaintsozy.com\/wp-content\/uploads\/2019\/05\/refonte-de-la-marque-CSS.jpg","contentUrl":"https:\/\/www.clossaintsozy.com\/wp-content\/uploads\/2019\/05\/refonte-de-la-marque-CSS.jpg","width":1134,"height":596},{"@type":"BreadcrumbList","@id":"https:\/\/www.clossaintsozy.com\/es\/este-ano-para-festejar-su-20o-aniversario-clos-saint-sozy-cambia-de-imagen\/#breadcrumb","itemListElement":[{"@type":"ListItem","position":1,"name":"Accueil","item":"https:\/\/www.clossaintsozy.com\/es\/"},{"@type":"ListItem","position":2,"name":"Este a\u00f1o, para festejar su 20\u00ba aniversario, Clos Saint Sozy cambia de imagen."}]},{"@type":"WebSite","@id":"https:\/\/www.clossaintsozy.com\/es\/#website","url":"https:\/\/www.clossaintsozy.com\/es\/","name":"Clos Saint Sozy","description":"","potentialAction":[{"@type":"SearchAction","target":{"@type":"EntryPoint","urlTemplate":"https:\/\/www.clossaintsozy.com\/es\/?s={search_term_string}"},"query-input":{"@type":"PropertyValueSpecification","valueRequired":true,"valueName":"search_term_string"}}],"inLanguage":"es"},{"@type":"Person","@id":"https:\/\/www.clossaintsozy.com\/es\/#\/schema\/person\/1fa839f9b75bc7bea1d4bd25269ad3bc","name":"pixbulle","image":{"@type":"ImageObject","inLanguage":"es","@id":"https:\/\/www.clossaintsozy.com\/es\/#\/schema\/person\/image\/","url":"https:\/\/secure.gravatar.com\/avatar\/6dac89db4378210f5b7bff64bd095cb2e98ba21a7969446e18fc1c6a6e77d9eb?s=96&d=mm&r=g","contentUrl":"https:\/\/secure.gravatar.com\/avatar\/6dac89db4378210f5b7bff64bd095cb2e98ba21a7969446e18fc1c6a6e77d9eb?s=96&d=mm&r=g","caption":"pixbulle"},"url":"https:\/\/www.clossaintsozy.com\/es\/author\/pixbulle\/"}]}},"_links":{"self":[{"href":"https:\/\/www.clossaintsozy.com\/es\/wp-json\/wp\/v2\/posts\/4046","targetHints":{"allow":["GET"]}}],"collection":[{"href":"https:\/\/www.clossaintsozy.com\/es\/wp-json\/wp\/v2\/posts"}],"about":[{"href":"https:\/\/www.clossaintsozy.com\/es\/wp-json\/wp\/v2\/types\/post"}],"author":[{"embeddable":true,"href":"https:\/\/www.clossaintsozy.com\/es\/wp-json\/wp\/v2\/users\/1"}],"replies":[{"embeddable":true,"href":"https:\/\/www.clossaintsozy.com\/es\/wp-json\/wp\/v2\/comments?post=4046"}],"version-history":[{"count":1,"href":"https:\/\/www.clossaintsozy.com\/es\/wp-json\/wp\/v2\/posts\/4046\/revisions"}],"predecessor-version":[{"id":4049,"href":"https:\/\/www.clossaintsozy.com\/es\/wp-json\/wp\/v2\/posts\/4046\/revisions\/4049"}],"wp:featuredmedia":[{"embeddable":true,"href":"https:\/\/www.clossaintsozy.com\/es\/wp-json\/wp\/v2\/media\/4048"}],"wp:attachment":[{"href":"https:\/\/www.clossaintsozy.com\/es\/wp-json\/wp\/v2\/media?parent=4046"}],"wp:term":[{"taxonomy":"category","embeddable":true,"href":"https:\/\/www.clossaintsozy.com\/es\/wp-json\/wp\/v2\/categories?post=4046"},{"taxonomy":"post_tag","embeddable":true,"href":"https:\/\/www.clossaintsozy.com\/es\/wp-json\/wp\/v2\/tags?post=4046"}],"curies":[{"name":"wp","href":"https:\/\/api.w.org\/{rel}","templated":true}]}}